{"id":992,"date":"2009-06-06T10:00:18","date_gmt":"2009-06-06T08:00:18","guid":{"rendered":"https:\/\/nodch.de\/?p=992"},"modified":"2011-04-29T14:38:21","modified_gmt":"2011-04-29T12:38:21","slug":"europawahl-2009-am-sonntag-waehlen-gehen","status":"publish","type":"post","link":"https:\/\/nodch.de\/?p=992","title":{"rendered":"Europawahl 2009 &#8211; Am Sonntag w\u00e4hlen gehen!"},"content":{"rendered":"<figure id=\"attachment_993\" aria-describedby=\"caption-attachment-993\" style=\"width: 300px\" class=\"wp-caption alignleft\"><a href=\"https:\/\/nodch.de\/wp-content\/uploads\/500px-Logo_Europawahl_2009_deutsch.svg.png\"><img loading=\"lazy\" decoding=\"async\" class=\"size-medium wp-image-993\" title=\"500px-Logo_Europawahl_2009_deutsch.svg\" src=\"https:\/\/nodch.de\/wp-content\/uploads\/500px-Logo_Europawahl_2009_deutsch.svg-300x256.png\" alt=\"Europawahl 2009 - 7. Juni\" width=\"300\" height=\"256\" srcset=\"https:\/\/nodch.de\/wp-content\/uploads\/500px-Logo_Europawahl_2009_deutsch.svg-300x256.png 300w, https:\/\/nodch.de\/wp-content\/uploads\/500px-Logo_Europawahl_2009_deutsch.svg.png 500w\" sizes=\"auto, (max-width: 300px) 100vw, 300px\" \/><\/a><figcaption id=\"caption-attachment-993\" class=\"wp-caption-text\">Europawahl 2009 - 7. Juni<\/figcaption><\/figure>\n<p>Am Sonntag ist Europawahl, bei uns ist das so, einige L\u00e4nder haben schon, bzw. werden noch w\u00e4hlen.<\/p>\n<p>Leider nutzen die Parteien die Europawahl nur allzu gerne um mit nationalen Themen Wahlkampf zu betreiben, vor allem wenn man sich im Wahljahr der Bundestagswahl befindet, aber es geht um Europa und um Themen, die nicht nur das eigene Land betreffen, dieses zwar immer beeinflussen, aber weitreichender sind. Es ist wichtig w\u00e4hlen zu gehen und w\u00e4hlen zu d\u00fcrfen. Leider gibt es noch zu viele L\u00e4nder, in denen dies nicht selbstverst\u00e4ndlich ist.<\/p>\n<p>Nutzt die M\u00f6glichkeit, jede Stimme z\u00e4hlt, jede Stimme kann etwas bewirken.<\/p>\n<p>F\u00fcr alle Unentschlossenen hier noch zwei Links, um sich vorab zu informieren. Der <a title=\"Wahl-o-Mat zur Europawahl\" href=\"http:\/\/www.wahl-o-mat.de\/europa\/\" target=\"_blank\">Wahl-O-Mat<\/a> kann euch eine Tendenz pr\u00e4sentieren, wenn ihr keine Ahnung habt und der <a title=\"Wahlprogramme der europ\u00e4ischen Parteien\" href=\"http:\/\/de.wikipedia.org\/wiki\/Europawahl_2009#.C3.9Cberblick_.C3.BCber_die_Wahlprogramme_der_europ.C3.A4ischen_Parteien\" target=\"_blank\">Link zur Wikipedia<\/a> zeigt die Programme der europ\u00e4ischen Parteien.<\/p>\n<p>Sehr informativ ist auch der Artikel &#8222;<a title=\"Die Welt Europawahl\" href=\"http:\/\/www.welt.de\/politik\/article3716593\/Europawahl-Das-ist-wie-Darmkrebsvorsorge.html\" target=\"_blank\">Europawahl? Das ist wie Darmkrebsvorsorge<\/a>&#8220; der Welt.<\/p>\n","protected":false},"excerpt":{"rendered":"<p>Am Sonntag ist Europawahl, bei uns ist das so, einige L\u00e4nder haben schon, bzw. werden noch w\u00e4hlen. Leider nutzen die Parteien die Europawahl nur allzu gerne um mit nationalen Themen Wahlkampf zu betreiben, vor allem wenn man sich im Wahljahr der Bundestagswahl befindet, aber es geht um Europa und um Themen, die nicht nur das [&hellip;]<\/p>\n","protected":false},"author":1,"featured_media":0,"comment_status":"open","ping_status":"open","sticky":false,"template":"","format":"standard","meta":{"footnotes":""},"categories":[10],"tags":[468,466,378,401,467],"class_list":["post-992","post","type-post","status-publish","format-standard","hentry","category-politisches","tag-eu","tag-europawahl-2009","tag-politik","tag-wahl-o-mat","tag-wahlen"],"_links":{"self":[{"href":"https:\/\/nodch.de\/index.php?rest_route=\/wp\/v2\/posts\/992","targetHints":{"allow":["GET"]}}],"collection":[{"href":"https:\/\/nodch.de\/index.php?rest_route=\/wp\/v2\/posts"}],"about":[{"href":"https:\/\/nodch.de\/index.php?rest_route=\/wp\/v2\/types\/post"}],"author":[{"embeddable":true,"href":"https:\/\/nodch.de\/index.php?rest_route=\/wp\/v2\/users\/1"}],"replies":[{"embeddable":true,"href":"https:\/\/nodch.de\/index.php?rest_route=%2Fwp%2Fv2%2Fcomments&post=992"}],"version-history":[{"count":0,"href":"https:\/\/nodch.de\/index.php?rest_route=\/wp\/v2\/posts\/992\/revisions"}],"wp:attachment":[{"href":"https:\/\/nodch.de\/index.php?rest_route=%2Fwp%2Fv2%2Fmedia&parent=992"}],"wp:term":[{"taxonomy":"category","embeddable":true,"href":"https:\/\/nodch.de\/index.php?rest_route=%2Fwp%2Fv2%2Fcategories&post=992"},{"taxonomy":"post_tag","embeddable":true,"href":"https:\/\/nodch.de\/index.php?rest_route=%2Fwp%2Fv2%2Ftags&post=992"}],"curies":[{"name":"wp","href":"https:\/\/api.w.org\/{rel}","templated":true}]}}