{"id":927,"date":"2009-05-07T20:42:26","date_gmt":"2009-05-07T18:42:26","guid":{"rendered":"https:\/\/nodch.de\/?p=927"},"modified":"2009-05-07T20:42:26","modified_gmt":"2009-05-07T18:42:26","slug":"bezahlen-wir-dafuer-dass-opel-endlich-gekauft-wird","status":"publish","type":"post","link":"https:\/\/nodch.de\/?p=927","title":{"rendered":"Bezahlen wir daf\u00fcr, dass Opel endlich gekauft wird?"},"content":{"rendered":"<p>Meine lieben Damen und Herren, was ist das denn f\u00fcr ein Gezerre um Opel? Kann man nicht, <a title=\"Gewerkschaften t\u00f6ten Arbeitspl\u00e4tze\" href=\"https:\/\/nodch.de\/gewerkschaften-toeten-arbeitsplaetze\/889\/\">wie schon geschrieben<\/a>, endlich Opel kaufen lassen? Auf was wartet man denn noch? Der Wunschkandidat Magna ist raus, die wollen lediglich eine 20% Beteiligung und somit kann man aufh\u00f6ren zu weinen. Eines sollte den verehrten Herren und Damen Politkern bewusst sein, egal wieviel Fiat verspricht, am Ende wird es ohnehin anders kommen &#8211; ihr kennt das doch, das ist wie Wahlkampf, viel versprechen, nichts halten, oder im besten Fall sogar das Gegenteil davon umsetzen.<\/p>\n<p>Mittlerweile kommt es mir fast noch so vor als w\u00fcrde man Geld ausgeben wollen, damit man Opel gekauft bekommt. Es reicht! Nat\u00fcrlich ist es schade um Opel, aber es gibt so viele Firmen denen es aktuell schlecht geht, da sollten alle gleich behandelt werden. Wenn nun Fiat Opel \u00fcbernimmt, kann es mit viel Gl\u00fcck passieren dass die Werke in Deutschland erhalten bleiben, realistischer ist es allerdings, zumindest denke ich das aktuell, dass die Marke Opel bestehen bleibt, die Produktion jedoch in Deutschland nach und nach abgezogen wird. So ist das halt, die Firma hat sich in der Vergangenheit selbst kaputt gewirtschaftet und nicht der Steuerzahler, welcher nun aber auch noch daf\u00fcr zahlen darf. Reicht es nicht die Banken zu bezahlen, von denen wir ohenhin mehr als genug haben, da schadet es nicht wenn die eine oder andere davon ebenfalls ersticken w\u00fcrde. Wof\u00fcr brauchen wir \u00fcberhaupt Landesbanken, die wir bezahlen?<\/p>\n<p>Eines steht jedoch fest, ein \u00e4hnlich ernsthafter Interessent wie Fiat ist aktuell nicht zu finden, von daher Schluss mit diesem Theater, ich bin nicht gewillt Opel mit Steuergeldern weiter zu subventionieren!<\/p>\n","protected":false},"excerpt":{"rendered":"<p>Meine lieben Damen und Herren, was ist das denn f\u00fcr ein Gezerre um Opel? Kann man nicht, wie schon geschrieben, endlich Opel kaufen lassen? Auf was wartet man denn noch? Der Wunschkandidat Magna ist raus, die wollen lediglich eine 20% Beteiligung und somit kann man aufh\u00f6ren zu weinen. Eines sollte den verehrten Herren und Damen [&hellip;]<\/p>\n","protected":false},"author":1,"featured_media":0,"comment_status":"open","ping_status":"open","sticky":false,"template":"","format":"standard","meta":{"footnotes":""},"categories":[10],"tags":[351,349,146,378],"class_list":["post-927","post","type-post","status-publish","format-standard","hentry","category-politisches","tag-fiat","tag-insolvenz","tag-opel","tag-politik"],"_links":{"self":[{"href":"https:\/\/nodch.de\/index.php?rest_route=\/wp\/v2\/posts\/927","targetHints":{"allow":["GET"]}}],"collection":[{"href":"https:\/\/nodch.de\/index.php?rest_route=\/wp\/v2\/posts"}],"about":[{"href":"https:\/\/nodch.de\/index.php?rest_route=\/wp\/v2\/types\/post"}],"author":[{"embeddable":true,"href":"https:\/\/nodch.de\/index.php?rest_route=\/wp\/v2\/users\/1"}],"replies":[{"embeddable":true,"href":"https:\/\/nodch.de\/index.php?rest_route=%2Fwp%2Fv2%2Fcomments&post=927"}],"version-history":[{"count":0,"href":"https:\/\/nodch.de\/index.php?rest_route=\/wp\/v2\/posts\/927\/revisions"}],"wp:attachment":[{"href":"https:\/\/nodch.de\/index.php?rest_route=%2Fwp%2Fv2%2Fmedia&parent=927"}],"wp:term":[{"taxonomy":"category","embeddable":true,"href":"https:\/\/nodch.de\/index.php?rest_route=%2Fwp%2Fv2%2Fcategories&post=927"},{"taxonomy":"post_tag","embeddable":true,"href":"https:\/\/nodch.de\/index.php?rest_route=%2Fwp%2Fv2%2Ftags&post=927"}],"curies":[{"name":"wp","href":"https:\/\/api.w.org\/{rel}","templated":true}]}}