{"id":3917,"date":"2014-11-20T14:09:50","date_gmt":"2014-11-20T13:09:50","guid":{"rendered":"https:\/\/nodch.de\/?p=3917"},"modified":"2014-11-20T14:09:50","modified_gmt":"2014-11-20T13:09:50","slug":"sony-a7ii-mit-5-achsen-bildstabilisator-in-japan-vorgestellt","status":"publish","type":"post","link":"https:\/\/nodch.de\/?p=3917","title":{"rendered":"Sony A7II mit 5-Achsen Bildstabilisator in Japan vorgestellt"},"content":{"rendered":"<p>Sony stellt in Japan den Nachfolger der A7 vor und verbessert diese in vielen Details, inklusive einer riesen Neuerung: 5-Achsen Bildstabilisator im Kamerageh\u00e4use!<\/p>\n<figure id=\"attachment_3918\" aria-describedby=\"caption-attachment-3918\" style=\"width: 550px\" class=\"wp-caption alignnone\"><a href=\"https:\/\/nodch.de\/wp-content\/uploads\/Selection_408.png\"><img loading=\"lazy\" decoding=\"async\" class=\"size-medium wp-image-3918\" src=\"https:\/\/nodch.de\/wp-content\/uploads\/Selection_408-550x241.png\" alt=\"Sony A7II (Bild: sony.net)\" width=\"550\" height=\"241\" srcset=\"https:\/\/nodch.de\/wp-content\/uploads\/Selection_408-550x241.png 550w, https:\/\/nodch.de\/wp-content\/uploads\/Selection_408-1280x562.png 1280w, https:\/\/nodch.de\/wp-content\/uploads\/Selection_408.png 1350w\" sizes=\"auto, (max-width: 550px) 100vw, 550px\" \/><\/a><figcaption id=\"caption-attachment-3918\" class=\"wp-caption-text\">Sony A7II (Bild: sony.net)<\/figcaption><\/figure>\n<p>Mit der A7-Serie hat Sony einen klaren Erfolg vorzuweisen. Alle Kameras der Serie ernten aussahmslos Anerkennung und k\u00f6nnen \u00fcberzeugen, die A7 als Alrounder, der vor allem von Freunden des &#8222;Altglases&#8220; (also adaptierbaren Linsen von anderen Kamerasystemen) genutzt wird, sowie die A7R, die mit ihrem 36MP Sensor und der Bildqalit\u00e4t \u00fcberzeugen kann, sowie der A7S, die als High-ISO Biest gerade f\u00fcr Videofilmer schon fast legend\u00e4r ist.<\/p>\n<p>Mein Umstieg von der A99 auf die A7R hat mir sehr viel Freude bereitet, jedoch habe ich h\u00e4ufig erw\u00e4hnt, dass das Weglassen des quasi Markenzeichens der Alpha-Serie, n\u00e4mlich der Bildstabilisator im Geh\u00e4use, der ein ganz klares Pro f\u00fcr die Kameras war, mich ein bisschen gest\u00f6rt hat. Die Bildqualit\u00e4t die man daf\u00fcr bekommen hat, hat den Wunsch etwas leiser werden lassen, aber Sony hat den Vorteil f\u00fcr die Serie offensichtlich erkannt und packt nun einen Stabilisator in die A7II, der auf 5 Achsen, die zittrige Hand des Fotografen zu komensieren sucht.<\/p>\n<p>Neben weiterer kleiner Anpassungen wie eine Neusortierung der Kn\u00f6pfe und die Vorverlegung des Ausl\u00f6seknopfes auf den Kameragriff, ist der Bildstabilisator aber das ganz ganz dicke Merkmal, was die A7 Serie in Generation 2 mit Sicherheit nochmals sehr nach vorne pushen wird. Eine Bildstabilisierung absolut jeder adaptierten Linse &#8211; ich komme ins Schw\u00e4rmen!!!<\/p>\n<p>Schaut euch das Video von Sony an, damit ihr einen besseren \u00dcberblick \u00fcber den Stabilisator bekommt, der bis zu 4,5 Blenden abfedern kann:<\/p>\n<p><iframe loading=\"lazy\" title=\"?7 ? 5-axis SteadyShot INSIDE from Sony: Official Video Release\" width=\"768\" height=\"432\" src=\"https:\/\/www.youtube.com\/embed\/svbUXedWsbA?feature=oembed\" frameborder=\"0\" allow=\"accelerometer; autoplay; clipboard-write; encrypted-media; gyroscope; picture-in-picture\" allowfullscreen><\/iframe><\/p>\n<p>Ich bin mir sicher, dass Sony auch die A7R und A7S in der n\u00e4chsten Generation mit einem solchen Stabilisator austatten wird, mein gro\u00dfer Wunsch w\u00e4re nun noch einen LE-EA5 Adapter mit eben diesem Stabi und\/oder AF-System aus der A6000 &#8211; aber ich will ja nun nicht unversch\u00e4mt sein! \ud83d\ude00<\/p>\n<p>Kosten soll sie 190 000 YEN, also knapp unter 1300 \u20ac, ein sagenhafter Preis, f\u00fcr diese Kombination, wie ich finde.<\/p>\n<p>Alle Infos zur A7II gibt es auf Sony.net: <a title=\"Sony A7II Info\" href=\"http:\/\/www.sony.net\/Products\/di\/en-gb\/products\/v6cd\/index.html\" target=\"_blank\">Sony A7II Informations<\/a><\/p>\n","protected":false},"excerpt":{"rendered":"<p>Sony stellt in Japan den Nachfolger der A7 vor und verbessert diese in vielen Details, inklusive einer riesen Neuerung: 5-Achsen Bildstabilisator im Kamerageh\u00e4use! Mit der A7-Serie hat Sony einen klaren Erfolg vorzuweisen. Alle Kameras der Serie ernten aussahmslos Anerkennung und k\u00f6nnen \u00fcberzeugen, die A7 als Alrounder, der vor allem von Freunden des &#8222;Altglases&#8220; (also adaptierbaren [&hellip;]<\/p>\n","protected":false},"author":1,"featured_media":3918,"comment_status":"open","ping_status":"open","sticky":false,"template":"","format":"standard","meta":{"footnotes":""},"categories":[2229],"tags":[2329,2331,2332,2257,2330,1226,2334,2173,44,489,2328,2327,1322,2172,43,2326,2333],"class_list":["post-3917","post","type-post","status-publish","format-standard","has-post-thumbnail","hentry","category-fotografie-2","tag-a7","tag-a7-ii","tag-a7ii","tag-a7r","tag-a7s","tag-alpha","tag-bildstabilisator","tag-camera","tag-dslr","tag-fotografie","tag-ilca","tag-ilce","tag-kamera","tag-slt","tag-sony","tag-sony-alpha","tag-steady-shot"],"_links":{"self":[{"href":"https:\/\/nodch.de\/index.php?rest_route=\/wp\/v2\/posts\/3917","targetHints":{"allow":["GET"]}}],"collection":[{"href":"https:\/\/nodch.de\/index.php?rest_route=\/wp\/v2\/posts"}],"about":[{"href":"https:\/\/nodch.de\/index.php?rest_route=\/wp\/v2\/types\/post"}],"author":[{"embeddable":true,"href":"https:\/\/nodch.de\/index.php?rest_route=\/wp\/v2\/users\/1"}],"replies":[{"embeddable":true,"href":"https:\/\/nodch.de\/index.php?rest_route=%2Fwp%2Fv2%2Fcomments&post=3917"}],"version-history":[{"count":0,"href":"https:\/\/nodch.de\/index.php?rest_route=\/wp\/v2\/posts\/3917\/revisions"}],"wp:featuredmedia":[{"embeddable":true,"href":"https:\/\/nodch.de\/index.php?rest_route=\/wp\/v2\/media\/3918"}],"wp:attachment":[{"href":"https:\/\/nodch.de\/index.php?rest_route=%2Fwp%2Fv2%2Fmedia&parent=3917"}],"wp:term":[{"taxonomy":"category","embeddable":true,"href":"https:\/\/nodch.de\/index.php?rest_route=%2Fwp%2Fv2%2Fcategories&post=3917"},{"taxonomy":"post_tag","embeddable":true,"href":"https:\/\/nodch.de\/index.php?rest_route=%2Fwp%2Fv2%2Ftags&post=3917"}],"curies":[{"name":"wp","href":"https:\/\/api.w.org\/{rel}","templated":true}]}}