{"id":1168,"date":"2009-10-07T10:35:13","date_gmt":"2009-10-07T08:35:13","guid":{"rendered":"https:\/\/nodch.de\/?p=1168"},"modified":"2011-04-29T14:33:36","modified_gmt":"2011-04-29T12:33:36","slug":"wolfgang-schaeuble-tritt-zurueck","status":"publish","type":"post","link":"https:\/\/nodch.de\/?p=1168","title":{"rendered":"Wolfgang Sch\u00e4uble tritt zur\u00fcck"},"content":{"rendered":"<figure id=\"attachment_1169\" aria-describedby=\"caption-attachment-1169\" style=\"width: 150px\" class=\"wp-caption alignright\"><a href=\"https:\/\/nodch.de\/wp-content\/uploads\/schaeuble.png\"><img loading=\"lazy\" decoding=\"async\" class=\"size-thumbnail wp-image-1169\" title=\"schaeuble\" src=\"https:\/\/nodch.de\/wp-content\/uploads\/schaeuble-150x150.png\" alt=\"CDU Stadtverband Gegenbach\" width=\"150\" height=\"150\" \/><\/a><figcaption id=\"caption-attachment-1169\" class=\"wp-caption-text\">CDU Stadtverband Gegenbach<\/figcaption><\/figure>\n<p>Laut einem Bericht von Sch\u00e4ubles <a href=\"http:\/\/www.cdu-gengenbach.de\/index.php\">CDU Stadtverband Gegenbach<\/a> tritt er von seinem Ministeramt zur\u00fcck und verzichtet auch in der neuen Bundesregierung auf einen Amtsposten.<\/p>\n<p>Leider handelt es sich beim Artikel um einen Hack der Webseite. Viele Punkte im Bericht lassen darauf schliessen, so w\u00fcrde Sch\u00e4uble selbst sicher niemals von einem Generalverdacht der eigenen Politik sprechen. Angriffe und ver\u00f6ffentlichte Falschmeldungen auf den Webseiten von politischen Organistionen h\u00e4ufen sich in der Vergangenheit, sind jedoch zunehmend professioneller gestaltet und verfasst.<\/p>\n<p>Die Meldung in voller L\u00e4nge:<\/p>\n<blockquote>\n<h1>Wolfgang Sch\u00e4uble tritt zur\u00fcck<\/h1>\n<h2>Verzicht auch auf Ministeramt in der neuen Bundesregierung<\/h2>\n<p>Wenige Wochen bevor die neugew\u00e4hlte Bundesregierung ihre Arbeit aufnimmt, tritt Wolfgang Sch\u00e4uble vorzeitig von seinem Amt als Bundesinnenminister der gro\u00dfen Koalition zur\u00fcck.<\/p>\n<p>Auf einer Sitzung des CDU-Stadtverbandes Gengenbach erkl\u00e4rte der Politiker seine Entscheidung mit der immer lauter werdenden Kritik der letzten Monate, die er <em>&#8222;sich sehr zu Herzen genommen habe&#8220;<\/em>.<br \/>\nUnter anderem war Wolfgang Sch\u00e4uble f\u00fcr seine umstrittenen Gesetzesentw\u00fcrfe zur \u00dcberwachung der Computerkommunikation sowie der Vorratsdatenspeicherung unter Beschu\u00df geraten.<br \/>\nSch\u00e4uble verteidigte dennoch seinen Kurs zur Versch\u00e4rfung des Kampfs gegen den internationalen Terrorismus. <em>&#8222;Wir d\u00fcrfen nicht tatenlos zusehen, wie Terroristen sich mit immer ausgefeilteren technischen Methoden der staatlichen Kontrolle entziehen.&#8220;<\/em> betonte er in seiner Rede vor den Mitgliedern des Stadtverbandes. Er r\u00e4ume aber ein, <em>&#8222;den Bogen \u00fcberspannt und die B\u00fcrger Deutschlands unter Generalverdacht gestellt zu haben.&#8220; <\/em>Seinem Nachfolger w\u00fcnscht Sch\u00e4uble, das richtige Gleichgewicht zwischen Freiheit und Sicherheit zu finden.<br \/>\nSein Bundestagsmandat wird Sch\u00e4uble behalten.<\/p>\n<p>Gengenbachs Stadtverbandsvorsitzende Maria Rau begr\u00fc\u00dfte die Entscheidung Sch\u00e4ubles. &#8222;<em>Die Belastung haben wir auch in unserem Stadtverband gesp\u00fcrt&#8220;<\/em>.<\/p>\n<p>F\u00fcr ein Ministeramt in der neuen Bundesregierung steht Wolfgang Sch\u00e4uble nicht mehr zur Verf\u00fcgung, er informierte die Parteivorsitzende Angela Merkel bereits am Wochenende \u00fcber seinen Schritt.<br \/>\nZuletzt wurde er unter anderem als Kandidat f\u00fcr das Amt des Finanzministers gehandelt.<\/p>\n<p><span style=\"text-decoration: underline;\"><strong>Weitere Informationen folgen in K\u00fcrze.<\/strong><\/span><\/p><\/blockquote>\n<p>(<a href=\"http:\/\/www.spiegelfechter.com\/wordpress\/959\/wolfgang-schauble-tritt-zuruck\">via<\/a>)<\/p>\n","protected":false},"excerpt":{"rendered":"<p>Laut einem Bericht von Sch\u00e4ubles CDU Stadtverband Gegenbach tritt er von seinem Ministeramt zur\u00fcck und verzichtet auch in der neuen Bundesregierung auf einen Amtsposten. Leider handelt es sich beim Artikel um einen Hack der Webseite. Viele Punkte im Bericht lassen darauf schliessen, so w\u00fcrde Sch\u00e4uble selbst sicher niemals von einem Generalverdacht der eigenen Politik sprechen. [&hellip;]<\/p>\n","protected":false},"author":1,"featured_media":0,"comment_status":"open","ping_status":"open","sticky":false,"template":"","format":"standard","meta":{"footnotes":""},"categories":[302,10],"tags":[642,512,641,640,639],"class_list":["post-1168","post","type-post","status-publish","format-standard","hentry","category-fehler-im-system","category-politisches","tag-bundesregierung","tag-cdu","tag-minister","tag-ruecktritt","tag-schaeuble"],"_links":{"self":[{"href":"https:\/\/nodch.de\/index.php?rest_route=\/wp\/v2\/posts\/1168","targetHints":{"allow":["GET"]}}],"collection":[{"href":"https:\/\/nodch.de\/index.php?rest_route=\/wp\/v2\/posts"}],"about":[{"href":"https:\/\/nodch.de\/index.php?rest_route=\/wp\/v2\/types\/post"}],"author":[{"embeddable":true,"href":"https:\/\/nodch.de\/index.php?rest_route=\/wp\/v2\/users\/1"}],"replies":[{"embeddable":true,"href":"https:\/\/nodch.de\/index.php?rest_route=%2Fwp%2Fv2%2Fcomments&post=1168"}],"version-history":[{"count":0,"href":"https:\/\/nodch.de\/index.php?rest_route=\/wp\/v2\/posts\/1168\/revisions"}],"wp:attachment":[{"href":"https:\/\/nodch.de\/index.php?rest_route=%2Fwp%2Fv2%2Fmedia&parent=1168"}],"wp:term":[{"taxonomy":"category","embeddable":true,"href":"https:\/\/nodch.de\/index.php?rest_route=%2Fwp%2Fv2%2Fcategories&post=1168"},{"taxonomy":"post_tag","embeddable":true,"href":"https:\/\/nodch.de\/index.php?rest_route=%2Fwp%2Fv2%2Ftags&post=1168"}],"curies":[{"name":"wp","href":"https:\/\/api.w.org\/{rel}","templated":true}]}}