{"id":1104,"date":"2009-09-23T23:39:04","date_gmt":"2009-09-23T21:39:04","guid":{"rendered":"https:\/\/nodch.de\/?p=1104"},"modified":"2011-04-29T14:35:19","modified_gmt":"2011-04-29T12:35:19","slug":"der-bessere-wahl-o-mat-wen-waehlen-de","status":"publish","type":"post","link":"https:\/\/nodch.de\/?p=1104","title":{"rendered":"Der bessere Wahl-o-Mat: Wen-waehlen.de"},"content":{"rendered":"<p>Ich hatte zur Europawahl den <a title=\"Wahl-o-Mat zur Europawahl\" href=\"https:\/\/nodch.de\/die-europawahl-kommt-der-wahl-o-mat-ist-schon-da\/948\" target=\"_self\">Wahl-o-Mat<\/a> bereits vorgestellt, diesen gibt es nat\u00fcrlich zur Bundestagswahl weiterhin, jedoch hat ein weiterer Mitbewerber die Bildfl\u00e4che betreten: wen-waehlen.de<\/p>\n<p>Der Test gef\u00e4llt mir und ist f\u00fcr mich pers\u00f6nlich nachvollziehbar. Zu Anfang teilt man seine Postleitzahl mit und kann dadurch zu Ende des Tests das Ergebnis mit den Antworten der Direktkandidaten des eigenen Wahlkreises vergleichen.<\/p>\n<figure id=\"attachment_1105\" aria-describedby=\"caption-attachment-1105\" style=\"width: 150px\" class=\"wp-caption alignleft\"><a href=\"https:\/\/nodch.de\/wp-content\/uploads\/wwde.png\"><img loading=\"lazy\" decoding=\"async\" class=\"size-thumbnail wp-image-1105\" title=\"Werte und Ziele in der Gewichtung\" src=\"https:\/\/nodch.de\/wp-content\/uploads\/wwde-150x150.png\" alt=\"Werte und Ziele in der Gewichtung\" width=\"150\" height=\"150\" \/><\/a><figcaption id=\"caption-attachment-1105\" class=\"wp-caption-text\">Werte und Ziele in der Gewichtung<\/figcaption><\/figure>\n<p>Zur besseren Vergleichbarkeit der eigenen Werte und Ziele kann man diese frei gewichten und gelangt daraufhin zu den vom Wahl-o-Mat bekannten Thesen. Diese werden bei diesem Test ein wenig besser definiert, aber immernoch nicht umfassend genung. Immerhin erw\u00e4hnt man, dass bei einer Abschaffung der Wehrpflicht auch keine Zivis mehr vorhanden w\u00e4re, das hilft sich \u00fcber die Konsequenzen bewusst zu werden. Allzu oft sind jedoch die Folgen aus den plakativ gestellten Fragen nicht so einfach zu beschreiben.<\/p>\n<p>Alle Fragen kann man mit &#8222;Nein&#8220;, &#8222;eher Nein&#8220;, &#8222;Unentschieden&#8220;, &#8222;eher Ja&#8220; und &#8222;Ja&#8220; beantworten und zus\u00e4tzlich durch einen Haken bei &#8222;Dies ist mir besonders wichtig&#8220; den entsprechenden Nachdruck geben.<\/p>\n<p>Als Auswertung bekommt man eine Liste der Parteien, die sich mit der pers\u00f6nlichen Einstellungen, basierend auf der Gewichtung zu den &#8222;Werten und Zielen&#8220; und der Beantwortung der Thesen im Allgemeinen, am ehesten decken. Abschliessend kann man sehen welcher der Direktkandidaten des eigenen Wahlkreises die Fragen ebenfalls beantwortet hat und inwiefern sich das mit der eigenen Meinung, oder der tendenziellen Einstellung der durch den Kandidaten vertretenen Partei deckt.<\/p>\n<p>Wer sich bisher unsicher ist, welche Partei f\u00fcr ihn passend sein k\u00f6nnte, wer bereits klar weiss wen er w\u00e4hlen will und \u00fcberpr\u00fcfen m\u00f6chte ob die Tendenz stimmig ist, der besucht die Webseite von: <a title=\"Wen Waehlen von wen-waehlen.de zur Bundestagswahl 2009\" href=\"http:\/\/www.wen-waehlen.de\/\" target=\"_blank\"><strong>Wen-Waehlen.de<\/strong><\/a> und nimmt selbst am Test teil.<\/p>\n<p>Wichtiger als der Test an sich: <strong>Am 27.09.2009 w\u00e4hlen gehen!<\/strong><\/p>\n","protected":false},"excerpt":{"rendered":"<p>Ich hatte zur Europawahl den Wahl-o-Mat bereits vorgestellt, diesen gibt es nat\u00fcrlich zur Bundestagswahl weiterhin, jedoch hat ein weiterer Mitbewerber die Bildfl\u00e4che betreten: wen-waehlen.de Der Test gef\u00e4llt mir und ist f\u00fcr mich pers\u00f6nlich nachvollziehbar. Zu Anfang teilt man seine Postleitzahl mit und kann dadurch zu Ende des Tests das Ergebnis mit den Antworten der Direktkandidaten [&hellip;]<\/p>\n","protected":false},"author":1,"featured_media":0,"comment_status":"open","ping_status":"open","sticky":false,"template":"","format":"standard","meta":{"footnotes":""},"categories":[9,10],"tags":[304,578,401,577,576],"class_list":["post-1104","post","type-post","status-publish","format-standard","hentry","category-fundstucke","category-politisches","tag-bundestagswahl","tag-direktkandidat","tag-wahl-o-mat","tag-wahlkreis","tag-wen-waehlen-de"],"_links":{"self":[{"href":"https:\/\/nodch.de\/index.php?rest_route=\/wp\/v2\/posts\/1104","targetHints":{"allow":["GET"]}}],"collection":[{"href":"https:\/\/nodch.de\/index.php?rest_route=\/wp\/v2\/posts"}],"about":[{"href":"https:\/\/nodch.de\/index.php?rest_route=\/wp\/v2\/types\/post"}],"author":[{"embeddable":true,"href":"https:\/\/nodch.de\/index.php?rest_route=\/wp\/v2\/users\/1"}],"replies":[{"embeddable":true,"href":"https:\/\/nodch.de\/index.php?rest_route=%2Fwp%2Fv2%2Fcomments&post=1104"}],"version-history":[{"count":0,"href":"https:\/\/nodch.de\/index.php?rest_route=\/wp\/v2\/posts\/1104\/revisions"}],"wp:attachment":[{"href":"https:\/\/nodch.de\/index.php?rest_route=%2Fwp%2Fv2%2Fmedia&parent=1104"}],"wp:term":[{"taxonomy":"category","embeddable":true,"href":"https:\/\/nodch.de\/index.php?rest_route=%2Fwp%2Fv2%2Fcategories&post=1104"},{"taxonomy":"post_tag","embeddable":true,"href":"https:\/\/nodch.de\/index.php?rest_route=%2Fwp%2Fv2%2Ftags&post=1104"}],"curies":[{"name":"wp","href":"https:\/\/api.w.org\/{rel}","templated":true}]}}