{"id":1053,"date":"2009-08-05T10:21:48","date_gmt":"2009-08-05T08:21:48","guid":{"rendered":"https:\/\/nodch.de\/?p=1053"},"modified":"2011-04-29T14:36:36","modified_gmt":"2011-04-29T12:36:36","slug":"zugangserschwerungsgesetz-durch-timeout-gestoppt","status":"publish","type":"post","link":"https:\/\/nodch.de\/?p=1053","title":{"rendered":"Zugangserschwerungsgesetz durch &#8222;Timeout&#8220; gestoppt?"},"content":{"rendered":"<figure id=\"attachment_1054\" aria-describedby=\"caption-attachment-1054\" style=\"width: 150px\" class=\"wp-caption alignleft\"><a href=\"https:\/\/nodch.de\/wp-content\/uploads\/guttenberg.jpg\"><img loading=\"lazy\" decoding=\"async\" class=\"size-thumbnail wp-image-1054\" title=\"Dr. Karl-Theodor Freiherr zu Guttenberg, Bundesminister f\u00fcr Wirtschaft und Technologie \u00a9 BMWi\" src=\"https:\/\/nodch.de\/wp-content\/uploads\/guttenberg-150x150.jpg\" alt=\"Dr. Karl-Theodor Freiherr zu Guttenberg, Bundesminister f\u00fcr Wirtschaft und Technologie \u00a9 BMWi\" width=\"150\" height=\"150\" \/><\/a><figcaption id=\"caption-attachment-1054\" class=\"wp-caption-text\">Dr. Karl-Theodor Freiherr zu Guttenberg, Bundesminister f\u00fcr Wirtschaft und Technologie \u00a9 BMWi<\/figcaption><\/figure>\n<p>Herr zu Guttenberg, Vielen bekannt durch eher unr\u00fchmliche \u00c4usserungen zum Gesetz zur Sperrung von Internetseiten, k\u00f6nnte indirekt das Gesetz verhindert haben. <a title=\"Zugangserschwerungsgesetz verabschiedet\" href=\"https:\/\/nodch.de\/schwarze-stunde-abstimmung-zum-zugangserschwerungsgesetzt-angenommen\/1016\/\" target=\"_blank\">Nachdem Bundestag und Bundesrat das Gesetz durchgewunken hatten<\/a>, musste dies nur noch dem Bundespr\u00e4sidenten zur Pr\u00fcfung und Unterzeichnung vorgelegt werden, was nun allerdings zum geplanten Termin am 1.08.2009 nicht geschah.<\/p>\n<p>Warum?<\/p>\n<p>Herr zu Guttenberg schickte das Gesetz nach Br\u00fcssel damit die Kommission dazu Stellung nehmen kann. Dies hat bis zum 8.10.2009 zu geschehen. Sollte die Kommission die Frist ausnutzen, f\u00e4llt das Gesetz in die n\u00e4chste Legislaturperiode des Bundestages und m\u00fcsste somit neu verhandelt werden.<\/p>\n<blockquote><p>Viele Verfassungsrechtler meinen, dass das Gesetz vor Ablauf der Legislaturperiode im Herrschaftsbereich des Bundespr\u00e4sidenten ankommen muss; dann sei es egal, ob er es vor oder nach dem Ende der Amtszeit des Bundestags unterschreibt. In den Herrschaftsbereich des Pr\u00e4sidenten wird das Gesetz aber nun nicht mehr rechtzeitig gelangen.<\/p><\/blockquote>\n<p>Man darf gespannt sein ob der weiteren Entwicklung in dieser Angelegenheit. Tricksen sich hier die &#8222;Winkeladvokaten&#8220; mit ihren Verfahren gegenseitig aus?<\/p>\n<p>Quelle: <a title=\"Guttenberg verhindert eventuell Internetsperren\" href=\"http:\/\/www.sueddeutsche.de\/politik\/567\/483017\/text\/\" target=\"_blank\">sueddeutsche.de<\/a><\/p>\n","protected":false},"excerpt":{"rendered":"<p>Herr zu Guttenberg, Vielen bekannt durch eher unr\u00fchmliche \u00c4usserungen zum Gesetz zur Sperrung von Internetseiten, k\u00f6nnte indirekt das Gesetz verhindert haben. Nachdem Bundestag und Bundesrat das Gesetz durchgewunken hatten, musste dies nur noch dem Bundespr\u00e4sidenten zur Pr\u00fcfung und Unterzeichnung vorgelegt werden, was nun allerdings zum geplanten Termin am 1.08.2009 nicht geschah. Warum? Herr zu Guttenberg [&hellip;]<\/p>\n","protected":false},"author":1,"featured_media":0,"comment_status":"open","ping_status":"open","sticky":false,"template":"","format":"standard","meta":{"footnotes":""},"categories":[302,10],"tags":[372,494,495,310,496],"class_list":["post-1053","post","type-post","status-publish","format-standard","hentry","category-fehler-im-system","category-politisches","tag-bundestag","tag-sperrgesetz","tag-zensurgesetz","tag-zensursula","tag-zugangserschwerungsgesetz"],"_links":{"self":[{"href":"https:\/\/nodch.de\/index.php?rest_route=\/wp\/v2\/posts\/1053","targetHints":{"allow":["GET"]}}],"collection":[{"href":"https:\/\/nodch.de\/index.php?rest_route=\/wp\/v2\/posts"}],"about":[{"href":"https:\/\/nodch.de\/index.php?rest_route=\/wp\/v2\/types\/post"}],"author":[{"embeddable":true,"href":"https:\/\/nodch.de\/index.php?rest_route=\/wp\/v2\/users\/1"}],"replies":[{"embeddable":true,"href":"https:\/\/nodch.de\/index.php?rest_route=%2Fwp%2Fv2%2Fcomments&post=1053"}],"version-history":[{"count":0,"href":"https:\/\/nodch.de\/index.php?rest_route=\/wp\/v2\/posts\/1053\/revisions"}],"wp:attachment":[{"href":"https:\/\/nodch.de\/index.php?rest_route=%2Fwp%2Fv2%2Fmedia&parent=1053"}],"wp:term":[{"taxonomy":"category","embeddable":true,"href":"https:\/\/nodch.de\/index.php?rest_route=%2Fwp%2Fv2%2Fcategories&post=1053"},{"taxonomy":"post_tag","embeddable":true,"href":"https:\/\/nodch.de\/index.php?rest_route=%2Fwp%2Fv2%2Ftags&post=1053"}],"curies":[{"name":"wp","href":"https:\/\/api.w.org\/{rel}","templated":true}]}}